
{"id":928,"date":"2026-03-06T14:58:48","date_gmt":"2026-03-06T17:58:48","guid":{"rendered":"https:\/\/kemparts.com.br\/?p=928"},"modified":"2026-03-06T14:59:22","modified_gmt":"2026-03-06T17:59:22","slug":"a-kemparts-marcou-presenca-na-feimec-2026","status":"publish","type":"post","link":"https:\/\/kemparts.com.br\/en\/a-kemparts-marcou-presenca-na-feimec-2026\/","title":{"rendered":"A Kemparts marcou presen\u00e7a na FIMEC 2026"},"content":{"rendered":"<p>Presen\u00e7a da Kemparts na FIMEC!<br \/>\nNossos gerentes de contas Danton Krantz e Gabrielly Pereira estiveram presentes, fortalecendo conex\u00f5es, prospectando novas oportunidades e refor\u00e7ando nossa atua\u00e7\u00e3o junto a clientes e fornecedores.<br \/>\nSeguimos atentos \u00e0s tend\u00eancias do mercado e construindo parcerias que impulsionam o crescimento e a inova\u00e7\u00e3o.<\/p>\n","protected":false},"excerpt":{"rendered":"<p>Presen\u00e7a da Kemparts na FIMEC! Nossos gerentes de contas Danton Krantz e Gabrielly Pereira estiveram presentes, fortalecendo conex\u00f5es, prospectando novas oportunidades e refor\u00e7ando nossa atua\u00e7\u00e3o junto a clientes e fornecedores. Seguimos atentos \u00e0s tend\u00eancias do mercado e construindo parcerias que impulsionam o crescimento e a inova\u00e7\u00e3o.<\/p>\n","protected":false},"author":2,"featured_media":929,"comment_status":"open","ping_status":"open","sticky":false,"template":"","format":"standard","meta":{"footnotes":""},"categories":[57],"tags":[],"class_list":["post-928","post","type-post","status-publish","format-standard","has-post-thumbnail","hentry","category-feiras-e-eventos"],"yoast_head":"<!-- This site is optimized with the Yoast SEO plugin v27.3 - https:\/\/yoast.com\/product\/yoast-seo-wordpress\/ -->\n<title>A Kemparts marcou presen\u00e7a na FIMEC 2026 - Kemparts<\/title>\n<meta name=\"robots\" content=\"index, follow, max-snippet:-1, max-image-preview:large, max-video-preview:-1\" \/>\n<link rel=\"canonical\" href=\"https:\/\/kemparts.com.br\/a-kemparts-marcou-presenca-na-feimec-2026\/\" \/>\n<meta property=\"og:locale\" content=\"en_US\" \/>\n<meta property=\"og:type\" content=\"article\" \/>\n<meta property=\"og:title\" content=\"A Kemparts marcou presen\u00e7a na FIMEC 2026 - Kemparts\" \/>\n<meta property=\"og:description\" content=\"Presen\u00e7a da Kemparts na FIMEC! Nossos gerentes de contas Danton Krantz e Gabrielly Pereira estiveram presentes, fortalecendo conex\u00f5es, prospectando novas oportunidades e refor\u00e7ando nossa atua\u00e7\u00e3o junto a clientes e fornecedores. Seguimos atentos \u00e0s tend\u00eancias do mercado e construindo parcerias que impulsionam o crescimento e a inova\u00e7\u00e3o.\" \/>\n<meta property=\"og:url\" content=\"https:\/\/kemparts.com.br\/a-kemparts-marcou-presenca-na-feimec-2026\/\" \/>\n<meta property=\"og:site_name\" content=\"Kemparts\" \/>\n<meta property=\"article:published_time\" content=\"2026-03-06T17:58:48+00:00\" \/>\n<meta property=\"article:modified_time\" content=\"2026-03-06T17:59:22+00:00\" \/>\n<meta property=\"og:image\" content=\"https:\/\/kemparts.com.br\/wp-content\/uploads\/2026\/03\/SITE-BLOG-FEIMEC.png\" \/>\n\t<meta property=\"og:image:width\" content=\"757\" \/>\n\t<meta property=\"og:image:height\" content=\"460\" \/>\n\t<meta property=\"og:image:type\" content=\"image\/png\" \/>\n<meta name=\"author\" content=\"franklin\" \/>\n<meta name=\"twitter:card\" content=\"summary_large_image\" \/>\n<meta name=\"twitter:label1\" content=\"Written by\" \/>\n\t<meta name=\"twitter:data1\" content=\"franklin\" \/>\n\t<meta name=\"twitter:label2\" content=\"Est. reading time\" \/>\n\t<meta name=\"twitter:data2\" content=\"1 minute\" \/>\n<script type=\"application\/ld+json\" class=\"yoast-schema-graph\">{\"@context\":\"https:\\\/\\\/schema.org\",\"@graph\":[{\"@type\":\"Article\",\"@id\":\"https:\\\/\\\/kemparts.com.br\\\/a-kemparts-marcou-presenca-na-feimec-2026\\\/#article\",\"isPartOf\":{\"@id\":\"https:\\\/\\\/kemparts.com.br\\\/a-kemparts-marcou-presenca-na-feimec-2026\\\/\"},\"author\":{\"name\":\"franklin\",\"@id\":\"https:\\\/\\\/kemparts.com.br\\\/#\\\/schema\\\/person\\\/faa4992fd41cf8dc586b0b59d9a2b28b\"},\"headline\":\"A Kemparts marcou presen\u00e7a na FIMEC 2026\",\"datePublished\":\"2026-03-06T17:58:48+00:00\",\"dateModified\":\"2026-03-06T17:59:22+00:00\",\"mainEntityOfPage\":{\"@id\":\"https:\\\/\\\/kemparts.com.br\\\/a-kemparts-marcou-presenca-na-feimec-2026\\\/\"},\"wordCount\":59,\"commentCount\":0,\"publisher\":{\"@id\":\"https:\\\/\\\/kemparts.com.br\\\/#organization\"},\"image\":{\"@id\":\"https:\\\/\\\/kemparts.com.br\\\/a-kemparts-marcou-presenca-na-feimec-2026\\\/#primaryimage\"},\"thumbnailUrl\":\"https:\\\/\\\/kemparts.com.br\\\/wp-content\\\/uploads\\\/2026\\\/03\\\/SITE-BLOG-FEIMEC.png\",\"articleSection\":[\"Feiras e Eventos\"],\"inLanguage\":\"en-US\",\"potentialAction\":[{\"@type\":\"CommentAction\",\"name\":\"Comment\",\"target\":[\"https:\\\/\\\/kemparts.com.br\\\/a-kemparts-marcou-presenca-na-feimec-2026\\\/#respond\"]}]},{\"@type\":\"WebPage\",\"@id\":\"https:\\\/\\\/kemparts.com.br\\\/a-kemparts-marcou-presenca-na-feimec-2026\\\/\",\"url\":\"https:\\\/\\\/kemparts.com.br\\\/a-kemparts-marcou-presenca-na-feimec-2026\\\/\",\"name\":\"A Kemparts marcou presen\u00e7a na FIMEC 2026 - Kemparts\",\"isPartOf\":{\"@id\":\"https:\\\/\\\/kemparts.com.br\\\/#website\"},\"primaryImageOfPage\":{\"@id\":\"https:\\\/\\\/kemparts.com.br\\\/a-kemparts-marcou-presenca-na-feimec-2026\\\/#primaryimage\"},\"image\":{\"@id\":\"https:\\\/\\\/kemparts.com.br\\\/a-kemparts-marcou-presenca-na-feimec-2026\\\/#primaryimage\"},\"thumbnailUrl\":\"https:\\\/\\\/kemparts.com.br\\\/wp-content\\\/uploads\\\/2026\\\/03\\\/SITE-BLOG-FEIMEC.png\",\"datePublished\":\"2026-03-06T17:58:48+00:00\",\"dateModified\":\"2026-03-06T17:59:22+00:00\",\"breadcrumb\":{\"@id\":\"https:\\\/\\\/kemparts.com.br\\\/a-kemparts-marcou-presenca-na-feimec-2026\\\/#breadcrumb\"},\"inLanguage\":\"en-US\",\"potentialAction\":[{\"@type\":\"ReadAction\",\"target\":[\"https:\\\/\\\/kemparts.com.br\\\/a-kemparts-marcou-presenca-na-feimec-2026\\\/\"]}]},{\"@type\":\"ImageObject\",\"inLanguage\":\"en-US\",\"@id\":\"https:\\\/\\\/kemparts.com.br\\\/a-kemparts-marcou-presenca-na-feimec-2026\\\/#primaryimage\",\"url\":\"https:\\\/\\\/kemparts.com.br\\\/wp-content\\\/uploads\\\/2026\\\/03\\\/SITE-BLOG-FEIMEC.png\",\"contentUrl\":\"https:\\\/\\\/kemparts.com.br\\\/wp-content\\\/uploads\\\/2026\\\/03\\\/SITE-BLOG-FEIMEC.png\",\"width\":757,\"height\":460},{\"@type\":\"BreadcrumbList\",\"@id\":\"https:\\\/\\\/kemparts.com.br\\\/a-kemparts-marcou-presenca-na-feimec-2026\\\/#breadcrumb\",\"itemListElement\":[{\"@type\":\"ListItem\",\"position\":1,\"name\":\"In\u00edcio\",\"item\":\"https:\\\/\\\/kemparts.com.br\\\/en\\\/\"},{\"@type\":\"ListItem\",\"position\":2,\"name\":\"A Kemparts marcou presen\u00e7a na FIMEC 2026\"}]},{\"@type\":\"WebSite\",\"@id\":\"https:\\\/\\\/kemparts.com.br\\\/#website\",\"url\":\"https:\\\/\\\/kemparts.com.br\\\/\",\"name\":\"Kemparts\",\"description\":\"\",\"publisher\":{\"@id\":\"https:\\\/\\\/kemparts.com.br\\\/#organization\"},\"potentialAction\":[{\"@type\":\"SearchAction\",\"target\":{\"@type\":\"EntryPoint\",\"urlTemplate\":\"https:\\\/\\\/kemparts.com.br\\\/?s={search_term_string}\"},\"query-input\":{\"@type\":\"PropertyValueSpecification\",\"valueRequired\":true,\"valueName\":\"search_term_string\"}}],\"inLanguage\":\"en-US\"},{\"@type\":\"Organization\",\"@id\":\"https:\\\/\\\/kemparts.com.br\\\/#organization\",\"name\":\"Kemparts\",\"url\":\"https:\\\/\\\/kemparts.com.br\\\/\",\"logo\":{\"@type\":\"ImageObject\",\"inLanguage\":\"en-US\",\"@id\":\"https:\\\/\\\/kemparts.com.br\\\/#\\\/schema\\\/logo\\\/image\\\/\",\"url\":\"http:\\\/\\\/kemparts.com.br\\\/wp-content\\\/uploads\\\/2024\\\/08\\\/Favicon-3-1.png\",\"contentUrl\":\"http:\\\/\\\/kemparts.com.br\\\/wp-content\\\/uploads\\\/2024\\\/08\\\/Favicon-3-1.png\",\"width\":278,\"height\":278,\"caption\":\"Kemparts\"},\"image\":{\"@id\":\"https:\\\/\\\/kemparts.com.br\\\/#\\\/schema\\\/logo\\\/image\\\/\"},\"sameAs\":[\"https:\\\/\\\/www.youtube.com\\\/channel\\\/UCi7q3vn01t6DJ160x1dRk9g\",\"https:\\\/\\\/br.linkedin.com\\\/company\\\/kemparts-qumica-ltda.\"]},{\"@type\":\"Person\",\"@id\":\"https:\\\/\\\/kemparts.com.br\\\/#\\\/schema\\\/person\\\/faa4992fd41cf8dc586b0b59d9a2b28b\",\"name\":\"franklin\",\"image\":{\"@type\":\"ImageObject\",\"inLanguage\":\"en-US\",\"@id\":\"https:\\\/\\\/kemparts.com.br\\\/wp-content\\\/litespeed\\\/avatar\\\/f96abb6ee858e5c22ce3811e5d739b40.jpg?ver=1776940223\",\"url\":\"https:\\\/\\\/kemparts.com.br\\\/wp-content\\\/litespeed\\\/avatar\\\/f96abb6ee858e5c22ce3811e5d739b40.jpg?ver=1776940223\",\"contentUrl\":\"https:\\\/\\\/kemparts.com.br\\\/wp-content\\\/litespeed\\\/avatar\\\/f96abb6ee858e5c22ce3811e5d739b40.jpg?ver=1776940223\",\"caption\":\"franklin\"},\"url\":\"https:\\\/\\\/kemparts.com.br\\\/en\\\/author\\\/franklin\\\/\"}]}<\/script>\n<!-- \/ Yoast SEO plugin. -->","yoast_head_json":{"title":"A Kemparts marcou presen\u00e7a na FIMEC 2026 - Kemparts","robots":{"index":"index","follow":"follow","max-snippet":"max-snippet:-1","max-image-preview":"max-image-preview:large","max-video-preview":"max-video-preview:-1"},"canonical":"https:\/\/kemparts.com.br\/a-kemparts-marcou-presenca-na-feimec-2026\/","og_locale":"en_US","og_type":"article","og_title":"A Kemparts marcou presen\u00e7a na FIMEC 2026 - Kemparts","og_description":"Presen\u00e7a da Kemparts na FIMEC! Nossos gerentes de contas Danton Krantz e Gabrielly Pereira estiveram presentes, fortalecendo conex\u00f5es, prospectando novas oportunidades e refor\u00e7ando nossa atua\u00e7\u00e3o junto a clientes e fornecedores. Seguimos atentos \u00e0s tend\u00eancias do mercado e construindo parcerias que impulsionam o crescimento e a inova\u00e7\u00e3o.","og_url":"https:\/\/kemparts.com.br\/a-kemparts-marcou-presenca-na-feimec-2026\/","og_site_name":"Kemparts","article_published_time":"2026-03-06T17:58:48+00:00","article_modified_time":"2026-03-06T17:59:22+00:00","og_image":[{"width":757,"height":460,"url":"https:\/\/kemparts.com.br\/wp-content\/uploads\/2026\/03\/SITE-BLOG-FEIMEC.png","type":"image\/png"}],"author":"franklin","twitter_card":"summary_large_image","twitter_misc":{"Written by":"franklin","Est. reading time":"1 minute"},"schema":{"@context":"https:\/\/schema.org","@graph":[{"@type":"Article","@id":"https:\/\/kemparts.com.br\/a-kemparts-marcou-presenca-na-feimec-2026\/#article","isPartOf":{"@id":"https:\/\/kemparts.com.br\/a-kemparts-marcou-presenca-na-feimec-2026\/"},"author":{"name":"franklin","@id":"https:\/\/kemparts.com.br\/#\/schema\/person\/faa4992fd41cf8dc586b0b59d9a2b28b"},"headline":"A Kemparts marcou presen\u00e7a na FIMEC 2026","datePublished":"2026-03-06T17:58:48+00:00","dateModified":"2026-03-06T17:59:22+00:00","mainEntityOfPage":{"@id":"https:\/\/kemparts.com.br\/a-kemparts-marcou-presenca-na-feimec-2026\/"},"wordCount":59,"commentCount":0,"publisher":{"@id":"https:\/\/kemparts.com.br\/#organization"},"image":{"@id":"https:\/\/kemparts.com.br\/a-kemparts-marcou-presenca-na-feimec-2026\/#primaryimage"},"thumbnailUrl":"https:\/\/kemparts.com.br\/wp-content\/uploads\/2026\/03\/SITE-BLOG-FEIMEC.png","articleSection":["Feiras e Eventos"],"inLanguage":"en-US","potentialAction":[{"@type":"CommentAction","name":"Comment","target":["https:\/\/kemparts.com.br\/a-kemparts-marcou-presenca-na-feimec-2026\/#respond"]}]},{"@type":"WebPage","@id":"https:\/\/kemparts.com.br\/a-kemparts-marcou-presenca-na-feimec-2026\/","url":"https:\/\/kemparts.com.br\/a-kemparts-marcou-presenca-na-feimec-2026\/","name":"A Kemparts marcou presen\u00e7a na FIMEC 2026 - Kemparts","isPartOf":{"@id":"https:\/\/kemparts.com.br\/#website"},"primaryImageOfPage":{"@id":"https:\/\/kemparts.com.br\/a-kemparts-marcou-presenca-na-feimec-2026\/#primaryimage"},"image":{"@id":"https:\/\/kemparts.com.br\/a-kemparts-marcou-presenca-na-feimec-2026\/#primaryimage"},"thumbnailUrl":"https:\/\/kemparts.com.br\/wp-content\/uploads\/2026\/03\/SITE-BLOG-FEIMEC.png","datePublished":"2026-03-06T17:58:48+00:00","dateModified":"2026-03-06T17:59:22+00:00","breadcrumb":{"@id":"https:\/\/kemparts.com.br\/a-kemparts-marcou-presenca-na-feimec-2026\/#breadcrumb"},"inLanguage":"en-US","potentialAction":[{"@type":"ReadAction","target":["https:\/\/kemparts.com.br\/a-kemparts-marcou-presenca-na-feimec-2026\/"]}]},{"@type":"ImageObject","inLanguage":"en-US","@id":"https:\/\/kemparts.com.br\/a-kemparts-marcou-presenca-na-feimec-2026\/#primaryimage","url":"https:\/\/kemparts.com.br\/wp-content\/uploads\/2026\/03\/SITE-BLOG-FEIMEC.png","contentUrl":"https:\/\/kemparts.com.br\/wp-content\/uploads\/2026\/03\/SITE-BLOG-FEIMEC.png","width":757,"height":460},{"@type":"BreadcrumbList","@id":"https:\/\/kemparts.com.br\/a-kemparts-marcou-presenca-na-feimec-2026\/#breadcrumb","itemListElement":[{"@type":"ListItem","position":1,"name":"In\u00edcio","item":"https:\/\/kemparts.com.br\/en\/"},{"@type":"ListItem","position":2,"name":"A Kemparts marcou presen\u00e7a na FIMEC 2026"}]},{"@type":"WebSite","@id":"https:\/\/kemparts.com.br\/#website","url":"https:\/\/kemparts.com.br\/","name":"Kemparts","description":"","publisher":{"@id":"https:\/\/kemparts.com.br\/#organization"},"potentialAction":[{"@type":"SearchAction","target":{"@type":"EntryPoint","urlTemplate":"https:\/\/kemparts.com.br\/?s={search_term_string}"},"query-input":{"@type":"PropertyValueSpecification","valueRequired":true,"valueName":"search_term_string"}}],"inLanguage":"en-US"},{"@type":"Organization","@id":"https:\/\/kemparts.com.br\/#organization","name":"Kemparts","url":"https:\/\/kemparts.com.br\/","logo":{"@type":"ImageObject","inLanguage":"en-US","@id":"https:\/\/kemparts.com.br\/#\/schema\/logo\/image\/","url":"http:\/\/kemparts.com.br\/wp-content\/uploads\/2024\/08\/Favicon-3-1.png","contentUrl":"http:\/\/kemparts.com.br\/wp-content\/uploads\/2024\/08\/Favicon-3-1.png","width":278,"height":278,"caption":"Kemparts"},"image":{"@id":"https:\/\/kemparts.com.br\/#\/schema\/logo\/image\/"},"sameAs":["https:\/\/www.youtube.com\/channel\/UCi7q3vn01t6DJ160x1dRk9g","https:\/\/br.linkedin.com\/company\/kemparts-qumica-ltda."]},{"@type":"Person","@id":"https:\/\/kemparts.com.br\/#\/schema\/person\/faa4992fd41cf8dc586b0b59d9a2b28b","name":"franklin","image":{"@type":"ImageObject","inLanguage":"en-US","@id":"https:\/\/kemparts.com.br\/wp-content\/litespeed\/avatar\/f96abb6ee858e5c22ce3811e5d739b40.jpg?ver=1776940223","url":"https:\/\/kemparts.com.br\/wp-content\/litespeed\/avatar\/f96abb6ee858e5c22ce3811e5d739b40.jpg?ver=1776940223","contentUrl":"https:\/\/kemparts.com.br\/wp-content\/litespeed\/avatar\/f96abb6ee858e5c22ce3811e5d739b40.jpg?ver=1776940223","caption":"franklin"},"url":"https:\/\/kemparts.com.br\/en\/author\/franklin\/"}]}},"_links":{"self":[{"href":"https:\/\/kemparts.com.br\/en\/wp-json\/wp\/v2\/posts\/928","targetHints":{"allow":["GET"]}}],"collection":[{"href":"https:\/\/kemparts.com.br\/en\/wp-json\/wp\/v2\/posts"}],"about":[{"href":"https:\/\/kemparts.com.br\/en\/wp-json\/wp\/v2\/types\/post"}],"author":[{"embeddable":true,"href":"https:\/\/kemparts.com.br\/en\/wp-json\/wp\/v2\/users\/2"}],"replies":[{"embeddable":true,"href":"https:\/\/kemparts.com.br\/en\/wp-json\/wp\/v2\/comments?post=928"}],"version-history":[{"count":2,"href":"https:\/\/kemparts.com.br\/en\/wp-json\/wp\/v2\/posts\/928\/revisions"}],"predecessor-version":[{"id":932,"href":"https:\/\/kemparts.com.br\/en\/wp-json\/wp\/v2\/posts\/928\/revisions\/932"}],"wp:featuredmedia":[{"embeddable":true,"href":"https:\/\/kemparts.com.br\/en\/wp-json\/wp\/v2\/media\/929"}],"wp:attachment":[{"href":"https:\/\/kemparts.com.br\/en\/wp-json\/wp\/v2\/media?parent=928"}],"wp:term":[{"taxonomy":"category","embeddable":true,"href":"https:\/\/kemparts.com.br\/en\/wp-json\/wp\/v2\/categories?post=928"},{"taxonomy":"post_tag","embeddable":true,"href":"https:\/\/kemparts.com.br\/en\/wp-json\/wp\/v2\/tags?post=928"}],"curies":[{"name":"wp","href":"https:\/\/api.w.org\/{rel}","templated":true}]}}